



{"id":58,"date":"2023-10-06T19:00:00","date_gmt":"2023-10-06T17:00:00","guid":{"rendered":"https:\/\/zbigniew.mozdzen.pl\/?p=58"},"modified":"2023-09-17T20:49:45","modified_gmt":"2023-09-17T18:49:45","slug":"koalicja-obywatelska","status":"publish","type":"post","link":"https:\/\/zbigniew.mozdzen.pl\/index.php\/2023\/10\/06\/koalicja-obywatelska\/","title":{"rendered":"Koalicja Obywatelska"},"content":{"rendered":"\n<figure class=\"wp-block-image size-full\"><img loading=\"lazy\" decoding=\"async\" width=\"940\" height=\"788\" src=\"https:\/\/zbigniew.mozdzen.pl\/wp-content\/uploads\/2023\/09\/9.png\" alt=\"\" class=\"wp-image-59\" srcset=\"https:\/\/zbigniew.mozdzen.pl\/wp-content\/uploads\/2023\/09\/9.png 940w, https:\/\/zbigniew.mozdzen.pl\/wp-content\/uploads\/2023\/09\/9-300x251.png 300w, https:\/\/zbigniew.mozdzen.pl\/wp-content\/uploads\/2023\/09\/9-768x644.png 768w\" sizes=\"auto, (max-width: 940px) 100vw, 940px\" \/><\/figure>\n\n\n\n<p>Demokracja ma s\u0142u\u017cy\u0107 Polakom i nie mo\u017ce by\u0107 podporz\u0105dkowana interesom partyjnym, poniewa\u017c jak mogli\u015bmy si\u0119 przekona\u0107, prowadzi to do zniszczenia \u0142adu konstytucyjnego oraz staje si\u0119 zagro\u017ceniem dla praw i wolno\u015bci obywateli.<\/p>\n\n\n\n<p>Dlatego przyjmiemy Akt Odnowy Demokracji, kt\u00f3ry stworzy trwa\u0142e ramy demokratycznego pa\u0144stwa prawa. Jego fundamentem b\u0119d\u0105 niezale\u017cne instytucje, gwarancje podstawowych praw i wolno\u015bci obywatelskich oraz bezstronne i wiarygodne mechanizmy kontroli w\u0142adzy.<\/p>\n\n\n\n<p>Odbudujemy pozycj\u0119 i niezale\u017cno\u015b\u0107 Trybuna\u0142u Konstytucyjnego, usuniemy z niego s\u0119dzi\u00f3w-dubler\u00f3w. Odpartyjnimy Krajow\u0105 Rad\u0119 S\u0105downictwa i odbierzemy politykom prawo wyboru s\u0119dzi\u00f3w w niej zasiadaj\u0105cych. Zapewnimy niezale\u017cno\u015b\u0107 S\u0105du Najwy\u017cszego.<\/p>\n\n\n\n<p>Akt Odnowy Demokracji zagwarantuje Polakom ich podstawowe prawa i wolno\u015bci, kt\u00f3re obecnie s\u0105 w coraz wi\u0119kszym stopniu ograniczane, w tym pe\u0142n\u0105 wolno\u015b\u0107 zgromadze\u0144 czy prawo do prywatno\u015bci.<\/p>\n","protected":false},"excerpt":{"rendered":"<p>Demokracja ma s\u0142u\u017cy\u0107 Polakom i nie mo\u017ce by\u0107 podporz\u0105dkowana interesom partyjnym, poniewa\u017c jak mogli\u015bmy si\u0119 przekona\u0107, prowadzi to do zniszczenia \u0142adu konstytucyjnego oraz staje si\u0119 zagro\u017ceniem dla praw i wolno\u015bci obywateli. Dlatego przyjmiemy Akt Odnowy Demokracji, kt\u00f3ry stworzy trwa\u0142e ramy demokratycznego pa\u0144stwa prawa. Jego fundamentem b\u0119d\u0105 niezale\u017cne instytucje, gwarancje podstawowych praw i wolno\u015bci obywatelskich oraz [&hellip;]<\/p>\n","protected":false},"author":1,"featured_media":0,"comment_status":"open","ping_status":"open","sticky":false,"template":"","format":"standard","meta":{"_monsterinsights_skip_tracking":false,"_monsterinsights_sitenote_active":false,"_monsterinsights_sitenote_note":"","_monsterinsights_sitenote_category":0,"footnotes":""},"categories":[1],"tags":[],"class_list":["post-58","post","type-post","status-publish","format-standard","hentry","category-bez-kategorii"],"_links":{"self":[{"href":"https:\/\/zbigniew.mozdzen.pl\/index.php\/wp-json\/wp\/v2\/posts\/58","targetHints":{"allow":["GET"]}}],"collection":[{"href":"https:\/\/zbigniew.mozdzen.pl\/index.php\/wp-json\/wp\/v2\/posts"}],"about":[{"href":"https:\/\/zbigniew.mozdzen.pl\/index.php\/wp-json\/wp\/v2\/types\/post"}],"author":[{"embeddable":true,"href":"https:\/\/zbigniew.mozdzen.pl\/index.php\/wp-json\/wp\/v2\/users\/1"}],"replies":[{"embeddable":true,"href":"https:\/\/zbigniew.mozdzen.pl\/index.php\/wp-json\/wp\/v2\/comments?post=58"}],"version-history":[{"count":2,"href":"https:\/\/zbigniew.mozdzen.pl\/index.php\/wp-json\/wp\/v2\/posts\/58\/revisions"}],"predecessor-version":[{"id":71,"href":"https:\/\/zbigniew.mozdzen.pl\/index.php\/wp-json\/wp\/v2\/posts\/58\/revisions\/71"}],"wp:attachment":[{"href":"https:\/\/zbigniew.mozdzen.pl\/index.php\/wp-json\/wp\/v2\/media?parent=58"}],"wp:term":[{"taxonomy":"category","embeddable":true,"href":"https:\/\/zbigniew.mozdzen.pl\/index.php\/wp-json\/wp\/v2\/categories?post=58"},{"taxonomy":"post_tag","embeddable":true,"href":"https:\/\/zbigniew.mozdzen.pl\/index.php\/wp-json\/wp\/v2\/tags?post=58"}],"curies":[{"name":"wp","href":"https:\/\/api.w.org\/{rel}","templated":true}]}}