



{"id":64,"date":"2023-10-11T19:00:00","date_gmt":"2023-10-11T17:00:00","guid":{"rendered":"https:\/\/zbigniew.mozdzen.pl\/?p=64"},"modified":"2023-09-17T20:54:15","modified_gmt":"2023-09-17T18:54:15","slug":"radio-rzeszow-debata-z-moim-udzialem","status":"publish","type":"post","link":"https:\/\/zbigniew.mozdzen.pl\/index.php\/2023\/10\/11\/radio-rzeszow-debata-z-moim-udzialem\/","title":{"rendered":"Radio Rzesz\u00f3w &#8211; debata z moim udzia\u0142em"},"content":{"rendered":"\n<figure class=\"wp-block-image size-full\"><img loading=\"lazy\" decoding=\"async\" width=\"940\" height=\"788\" src=\"https:\/\/zbigniew.mozdzen.pl\/wp-content\/uploads\/2023\/09\/11.png\" alt=\"\" class=\"wp-image-65\" srcset=\"https:\/\/zbigniew.mozdzen.pl\/wp-content\/uploads\/2023\/09\/11.png 940w, https:\/\/zbigniew.mozdzen.pl\/wp-content\/uploads\/2023\/09\/11-300x251.png 300w, https:\/\/zbigniew.mozdzen.pl\/wp-content\/uploads\/2023\/09\/11-768x644.png 768w\" sizes=\"auto, (max-width: 940px) 100vw, 940px\" \/><\/figure>\n\n\n\n<p>Ju\u017c w sierpniu Radio Rzesz\u00f3w emitowa\u0142o debat\u0119 z moim udzia\u0142em.<\/p>\n\n\n\n<p>R\u00f3\u017cne zdania na temat referendum wyrazili\u015bmy dzisiaj podczas debaty w Polskim Radiu Rzesz\u00f3w. Moim zdaniem, referendum to istotny spos\u00f3b na dialog ze spo\u0142ecze\u0144stwem.<\/p>\n\n\n\n<p>Ustalenie terminu referendum przy okazji wybor\u00f3w parlamentarnych mo\u017ce zwi\u0119kszy\u0107 frekwencj\u0119, co jest istotne dla demokratycznego procesu.<\/p>\n\n\n\n<p>Co do mojej oceny, jako kandydata na pos\u0142a z ramienia Koalicji Obywatelskiej, nie jeste\u015bmy przeciwni referendom, ale uwa\u017camy, \u017ce pytania powinny dotyczy\u0107 konkretnych problem\u00f3w, a nie kwestii, na kt\u00f3re istnieje og\u00f3lna zgoda w spo\u0142ecze\u0144stwie. Naszym zdaniem, to pomo\u017ce utrzyma\u0107 znaczenie referendum na odpowiednio wysokim poziomie w Polsce i zapewni, \u017ce te g\u0142osowania b\u0119d\u0105 dotyczy\u0107 rzeczy istotnych dla nas wszystkich.<\/p>\n","protected":false},"excerpt":{"rendered":"<p>Ju\u017c w sierpniu Radio Rzesz\u00f3w emitowa\u0142o debat\u0119 z moim udzia\u0142em. R\u00f3\u017cne zdania na temat referendum wyrazili\u015bmy dzisiaj podczas debaty w Polskim Radiu Rzesz\u00f3w. Moim zdaniem, referendum to istotny spos\u00f3b na dialog ze spo\u0142ecze\u0144stwem. Ustalenie terminu referendum przy okazji wybor\u00f3w parlamentarnych mo\u017ce zwi\u0119kszy\u0107 frekwencj\u0119, co jest istotne dla demokratycznego procesu. Co do mojej oceny, jako kandydata [&hellip;]<\/p>\n","protected":false},"author":1,"featured_media":0,"comment_status":"open","ping_status":"open","sticky":false,"template":"","format":"standard","meta":{"_monsterinsights_skip_tracking":false,"_monsterinsights_sitenote_active":false,"_monsterinsights_sitenote_note":"","_monsterinsights_sitenote_category":0,"footnotes":""},"categories":[1],"tags":[],"class_list":["post-64","post","type-post","status-publish","format-standard","hentry","category-bez-kategorii"],"_links":{"self":[{"href":"https:\/\/zbigniew.mozdzen.pl\/index.php\/wp-json\/wp\/v2\/posts\/64","targetHints":{"allow":["GET"]}}],"collection":[{"href":"https:\/\/zbigniew.mozdzen.pl\/index.php\/wp-json\/wp\/v2\/posts"}],"about":[{"href":"https:\/\/zbigniew.mozdzen.pl\/index.php\/wp-json\/wp\/v2\/types\/post"}],"author":[{"embeddable":true,"href":"https:\/\/zbigniew.mozdzen.pl\/index.php\/wp-json\/wp\/v2\/users\/1"}],"replies":[{"embeddable":true,"href":"https:\/\/zbigniew.mozdzen.pl\/index.php\/wp-json\/wp\/v2\/comments?post=64"}],"version-history":[{"count":2,"href":"https:\/\/zbigniew.mozdzen.pl\/index.php\/wp-json\/wp\/v2\/posts\/64\/revisions"}],"predecessor-version":[{"id":72,"href":"https:\/\/zbigniew.mozdzen.pl\/index.php\/wp-json\/wp\/v2\/posts\/64\/revisions\/72"}],"wp:attachment":[{"href":"https:\/\/zbigniew.mozdzen.pl\/index.php\/wp-json\/wp\/v2\/media?parent=64"}],"wp:term":[{"taxonomy":"category","embeddable":true,"href":"https:\/\/zbigniew.mozdzen.pl\/index.php\/wp-json\/wp\/v2\/categories?post=64"},{"taxonomy":"post_tag","embeddable":true,"href":"https:\/\/zbigniew.mozdzen.pl\/index.php\/wp-json\/wp\/v2\/tags?post=64"}],"curies":[{"name":"wp","href":"https:\/\/api.w.org\/{rel}","templated":true}]}}